{"id":1521,"date":"2026-03-15T12:23:31","date_gmt":"2026-03-15T09:23:31","guid":{"rendered":"https:\/\/scoala182.ro\/site\/?p=1521"},"modified":"2026-03-15T12:23:31","modified_gmt":"2026-03-15T09:23:31","slug":"anunt-simulare-evaluare-nationala-2026","status":"publish","type":"post","link":"https:\/\/scoala182.ro\/site\/anunt-simulare-evaluare-nationala-2026\/","title":{"rendered":"ANUN\u021a SIMULARE EVALUARE NA\u021aIONAL\u0102 2026"},"content":{"rendered":"\n<h2 class=\"wp-block-heading\">\u0218coala noastr\u0103 a ales s\u0103 priveasc\u0103 \u00eenainte. Pentru copiii no\u0219tri.<\/h2>\n\n\n\n<p>Dragi elevi \u0219i p\u0103rin\u021bi ,<\/p>\n\n\n\n<p>\u00cen aceste zile, \u00een care \u00een sistemul de \u00eenv\u0103\u021b\u0103m\u00e2nt na\u021bional e mult\u0103 fr\u0103m\u00e2ntare \u0219i incertitudine, la \u0218coala Gimnazial\u0103 \u201eAlexandru Costescu\u201d am sim\u021bit nevoia s\u0103 facem o pauz\u0103 \u0219i s\u0103 ne \u00eentreb\u0103m: &#8222;Ce este cu adev\u0103rat \u00een interesul COPIILOR no\u0219tri?&#8221;.<\/p>\n\n\n\n<figure class=\"wp-block-image size-large\"><a href=\"https:\/\/scoala182.ro\/site\/wp-content\/uploads\/2026\/03\/copii.jpg\"><img loading=\"lazy\" decoding=\"async\" width=\"1024\" height=\"576\" src=\"https:\/\/scoala182.ro\/site\/wp-content\/uploads\/2026\/03\/copii-1024x576.jpg\" alt=\"\" class=\"wp-image-1522\" srcset=\"https:\/\/scoala182.ro\/site\/wp-content\/uploads\/2026\/03\/copii-1024x576.jpg 1024w, https:\/\/scoala182.ro\/site\/wp-content\/uploads\/2026\/03\/copii-300x169.jpg 300w, https:\/\/scoala182.ro\/site\/wp-content\/uploads\/2026\/03\/copii-768x432.jpg 768w, https:\/\/scoala182.ro\/site\/wp-content\/uploads\/2026\/03\/copii-1536x864.jpg 1536w, https:\/\/scoala182.ro\/site\/wp-content\/uploads\/2026\/03\/copii-400x225.jpg 400w, https:\/\/scoala182.ro\/site\/wp-content\/uploads\/2026\/03\/copii.jpg 1600w\" sizes=\"auto, (max-width: 1024px) 100vw, 1024px\" \/><\/a><\/figure>\n\n\n\n<p>R\u0103spunsul a venit clar: lini\u0219tea, stabilitatea \u0219i preg\u0103tirea temeinic\u0103. De aceea, Directorul \u0219i majoritatea profesorilor, au decis de a organiza simularea examenului na\u021bional.<\/p>\n\n\n\n<p>\u00cen spatele acestei decizii aparent simple, st\u0103 munca, determinarea \u0219i insisten\u021ba profesorilor care nu au cedat \u00een fa\u021ba curentului general. Acest demers a fost sus\u021binut \u0219i \u00eencurajat de Director care a pledat cu n\u0103dejde pentru ca \u0219coala noastr\u0103 s\u0103 fie un far de normalitate. \u00cempreun\u0103 am ascultat mai presus de orice vocea elevilor, care au nevoie s\u0103-\u0219i testeze cuno\u0219tin\u021bele, s\u0103-\u0219i \u00eenving\u0103 emo\u021biile \u0219i s\u0103 mearg\u0103 mai departe preg\u0103ti\u021bi.<\/p>\n\n\n\n<p>Le mul\u021bumim cadrelor didactice care au \u00een\u021beles c\u0103 dincolo de orice protest, misiunea noastr\u0103 comun\u0103 este s\u0103 le oferim copiilor un sprijin necondi\u021bionat.<\/p>\n\n\n\n<p>Pentru c\u0103, la finalul zilei, \u0219coala nu este despre noi, ci despre EI.<\/p>\n\n\n\n<p><\/p>\n\n\n\n<p>Calendar Simulare Evaluare Na\u021bional\u0103 2026 pentru clasa a VIII-a<\/p>\n\n\n\n<ul class=\"wp-block-list\">\n<li>16 martie \u2013 Simulare Evaluare Na\u021bional\u0103 2026 la Limba \u0219i literatura rom\u00e2n\u0103<\/li>\n\n\n\n<li>17 martie 2026 \u2013 Simulare Evaluare Na\u021bional\u0103 2026 la Matematic\u0103<\/li>\n\n\n\n<li>18 martie 2026 \u2013 Simulare Evaluare Na\u021bional\u0103 2026 la Limba \u0219i literatura matern\u0103 (pentru elevii care studiaz\u0103 \u00een limbile minorit\u0103\u021bilor na\u021bionale)<\/li>\n\n\n\n<li>30 martie 2026 \u2013 comunicarea rezultatelor.<\/li>\n<\/ul>\n\n\n\n<p>Probele scrise \u00eencep la ora 09:00, durata fiec\u0103rei probe scrise este de 120 de minute din momentul primirii subiectelor de c\u0103tre fiecare elev.<\/p>\n\n\n\n<p>Accesul elevilor \u00een s\u0103li este permis p\u00e2n\u0103 la ora 8.30.<\/p>\n\n\n\n<p><\/p>\n\n\n\n<p>Succes tuturor elevilor la simulare! Sunte\u021bi cei mai buni!<\/p>\n\n\n\n<h2 class=\"wp-block-heading\">Director ,Prof.dr. Nicolae\u00a0 Maria<\/h2>\n\n\n\n<p><\/p>\n\n\n\n<p><\/p>\n","protected":false},"excerpt":{"rendered":"<p>\u0218coala noastr\u0103 a ales s\u0103 priveasc\u0103 \u00eenainte. Pentru copiii no\u0219tri. Dragi elevi \u0219i p\u0103rin\u021bi , \u00cen aceste zile, \u00een care \u00een sistemul de \u00eenv\u0103\u021b\u0103m\u00e2nt na\u021bional e mult\u0103 fr\u0103m\u00e2ntare \u0219i incertitudine,&hellip;<\/p>\n<div class=\"read-more\"><a href=\"https:\/\/scoala182.ro\/site\/anunt-simulare-evaluare-nationala-2026\/\" class=\"read-more-link\">Vezi mai mult &#8230;<\/a><\/div>\n","protected":false},"author":2,"featured_media":0,"comment_status":"open","ping_status":"open","sticky":false,"template":"","format":"standard","meta":{"footnotes":""},"categories":[1,3],"tags":[],"class_list":["post-1521","post","type-post","status-publish","format-standard","hentry","category-uncategorized","category-informatii-publice"],"_links":{"self":[{"href":"https:\/\/scoala182.ro\/site\/wp-json\/wp\/v2\/posts\/1521","targetHints":{"allow":["GET"]}}],"collection":[{"href":"https:\/\/scoala182.ro\/site\/wp-json\/wp\/v2\/posts"}],"about":[{"href":"https:\/\/scoala182.ro\/site\/wp-json\/wp\/v2\/types\/post"}],"author":[{"embeddable":true,"href":"https:\/\/scoala182.ro\/site\/wp-json\/wp\/v2\/users\/2"}],"replies":[{"embeddable":true,"href":"https:\/\/scoala182.ro\/site\/wp-json\/wp\/v2\/comments?post=1521"}],"version-history":[{"count":2,"href":"https:\/\/scoala182.ro\/site\/wp-json\/wp\/v2\/posts\/1521\/revisions"}],"predecessor-version":[{"id":1524,"href":"https:\/\/scoala182.ro\/site\/wp-json\/wp\/v2\/posts\/1521\/revisions\/1524"}],"wp:attachment":[{"href":"https:\/\/scoala182.ro\/site\/wp-json\/wp\/v2\/media?parent=1521"}],"wp:term":[{"taxonomy":"category","embeddable":true,"href":"https:\/\/scoala182.ro\/site\/wp-json\/wp\/v2\/categories?post=1521"},{"taxonomy":"post_tag","embeddable":true,"href":"https:\/\/scoala182.ro\/site\/wp-json\/wp\/v2\/tags?post=1521"}],"curies":[{"name":"wp","href":"https:\/\/api.w.org\/{rel}","templated":true}]}}